{"id":234,"date":"2023-05-26T10:29:16","date_gmt":"2023-05-26T08:29:16","guid":{"rendered":"https:\/\/user10.gesem.es\/blog\/?p=234"},"modified":"2023-05-26T19:48:44","modified_gmt":"2023-05-26T17:48:44","slug":"como-solicitar-un-permiso-para-eventos-en-la-via-publica","status":"publish","type":"post","link":"https:\/\/user10.gesem.es\/blog\/2023\/05\/26\/como-solicitar-un-permiso-para-eventos-en-la-via-publica\/","title":{"rendered":"C\u00f3mo solicitar un permiso para eventos en la v\u00eda p\u00fablica"},"content":{"rendered":"\n<p class=\"wp-block-paragraph\">Las marcas tratan de acercarse a su p\u00fablico objetivo cada vez en mayor medida. Buscamos alejarnos de todos aquellos canales en los que el ruido comercial se hace ensordecedor para encontrar espacios de di\u00e1logo y de creaci\u00f3n de experiencias. En esa carrera de fondo la calle se ha convertido en un medio vital para muchas empresas.<\/p>\n\n\n\n<figure class=\"wp-block-image aligncenter size-full is-resized\"><img loading=\"lazy\" decoding=\"async\" src=\"https:\/\/user10.gesem.es\/blog\/wp-content\/uploads\/2023\/05\/music-2644761_640-1.jpg\" alt=\"\" class=\"wp-image-285\" width=\"400\" height=\"267\" srcset=\"https:\/\/user10.gesem.es\/blog\/wp-content\/uploads\/2023\/05\/music-2644761_640-1.jpg 640w, https:\/\/user10.gesem.es\/blog\/wp-content\/uploads\/2023\/05\/music-2644761_640-1-300x200.jpg 300w\" sizes=\"auto, (max-width: 400px) 100vw, 400px\" \/><\/figure>\n\n\n\n<p class=\"wp-block-paragraph\"> Solicitar un permiso de ocupaci\u00f3n de v\u00eda p\u00fablica para realizar cualquier evento en la calle requiere de mucha anticipaci\u00f3n, paciencia y conocimiento de la normativa local. En cada ciudad encontramos protocolos y tarifas muy diferentes, desde casos en los que las acciones pueden estar exentas de tasa, hasta cifras realmente elevadas para disponer de algunos metros cuadrados en las plazas m\u00e1s c\u00e9ntricas.<\/p>\n\n\n\n<h4 class=\"wp-block-heading\"><strong>A <\/strong>tener en cuenta<\/h4>\n\n\n\n<p class=\"wp-block-paragraph\">Existen, no obstante, patrones que se repiten en casi todas las ciudades a la hora de solicitar permiso para utilizaci\u00f3n de la v\u00eda p\u00fablica:<\/p>\n\n\n\n<ul class=\"wp-block-list\">\n<li>Tom\u00e1rtelo con mucha anticipaci\u00f3n. Al menos 3 o 4 meses para comenzar con toda la tramitaci\u00f3n y preparar la documentaci\u00f3n pertinente. Existen momentos puntuales en los que estos m\u00e1rgenes deben ser a\u00fan mayores. El paradigma en este caso puede ser FITUR, una cita en la que Madrid tiene tal volumen de peticiones de uso de via p\u00fablica que debe repartir a todas aquellas ciudades y regiones que durante la cita quieren hacer acciones en el centro de Madrid por un buen n\u00famero de calles y plazas de la ciudad.<\/li>\n<\/ul>\n","protected":false},"excerpt":{"rendered":"<p>Las marcas tratan de acercarse a su p\u00fablico objetivo cada vez en mayor medida. Buscamos alejarnos de todos aquellos canales en los que el ruido comercial se hace ensordecedor para encontrar espacios de di\u00e1logo y de creaci\u00f3n de experiencias. En esa carrera de fondo la calle se ha convertido en un medio vital para muchas &hellip;<\/p>\n<p class=\"read-more\"> <a class=\"\" href=\"https:\/\/user10.gesem.es\/blog\/2023\/05\/26\/como-solicitar-un-permiso-para-eventos-en-la-via-publica\/\"> <span class=\"screen-reader-text\">C\u00f3mo solicitar un permiso para eventos en la v\u00eda p\u00fablica<\/span> Leer m\u00e1s &raquo;<\/a><\/p>\n","protected":false},"author":1,"featured_media":0,"comment_status":"open","ping_status":"open","sticky":false,"template":"","format":"standard","meta":{"site-sidebar-layout":"default","site-content-layout":"default","ast-global-header-display":"","ast-banner-title-visibility":"","ast-main-header-display":"","ast-hfb-above-header-display":"","ast-hfb-below-header-display":"","ast-hfb-mobile-header-display":"","site-post-title":"","ast-breadcrumbs-content":"","ast-featured-img":"","footer-sml-layout":"","theme-transparent-header-meta":"","adv-header-id-meta":"","stick-header-meta":"","header-above-stick-meta":"","header-main-stick-meta":"","header-below-stick-meta":"","footnotes":""},"categories":[3],"tags":[17,16,14,15],"class_list":["post-234","post","type-post","status-publish","format-standard","hentry","category-noticias","tag-backstage","tag-calle","tag-conciertos","tag-viapublica"],"_links":{"self":[{"href":"https:\/\/user10.gesem.es\/blog\/wp-json\/wp\/v2\/posts\/234","targetHints":{"allow":["GET"]}}],"collection":[{"href":"https:\/\/user10.gesem.es\/blog\/wp-json\/wp\/v2\/posts"}],"about":[{"href":"https:\/\/user10.gesem.es\/blog\/wp-json\/wp\/v2\/types\/post"}],"author":[{"embeddable":true,"href":"https:\/\/user10.gesem.es\/blog\/wp-json\/wp\/v2\/users\/1"}],"replies":[{"embeddable":true,"href":"https:\/\/user10.gesem.es\/blog\/wp-json\/wp\/v2\/comments?post=234"}],"version-history":[{"count":2,"href":"https:\/\/user10.gesem.es\/blog\/wp-json\/wp\/v2\/posts\/234\/revisions"}],"predecessor-version":[{"id":286,"href":"https:\/\/user10.gesem.es\/blog\/wp-json\/wp\/v2\/posts\/234\/revisions\/286"}],"wp:attachment":[{"href":"https:\/\/user10.gesem.es\/blog\/wp-json\/wp\/v2\/media?parent=234"}],"wp:term":[{"taxonomy":"category","embeddable":true,"href":"https:\/\/user10.gesem.es\/blog\/wp-json\/wp\/v2\/categories?post=234"},{"taxonomy":"post_tag","embeddable":true,"href":"https:\/\/user10.gesem.es\/blog\/wp-json\/wp\/v2\/tags?post=234"}],"curies":[{"name":"wp","href":"https:\/\/api.w.org\/{rel}","templated":true}]}}