{"id":112,"date":"2023-05-17T13:03:17","date_gmt":"2023-05-17T11:03:17","guid":{"rendered":"https:\/\/user10.gesem.es\/blog\/?p=112"},"modified":"2023-05-29T17:52:54","modified_gmt":"2023-05-29T15:52:54","slug":"artistas-locales-haciendo-historia","status":"publish","type":"post","link":"https:\/\/user10.gesem.es\/blog\/2023\/05\/17\/artistas-locales-haciendo-historia\/","title":{"rendered":"Artistas locales haciendo hist\u00f3ria"},"content":{"rendered":"\n<figure class=\"wp-block-image aligncenter size-full is-resized\"><img loading=\"lazy\" decoding=\"async\" src=\"https:\/\/user10.gesem.es\/blog\/wp-content\/uploads\/2023\/05\/concierto-3-696x453-1.jpg\" alt=\"\" class=\"wp-image-288\" width=\"560\" height=\"364\" srcset=\"https:\/\/user10.gesem.es\/blog\/wp-content\/uploads\/2023\/05\/concierto-3-696x453-1.jpg 696w, https:\/\/user10.gesem.es\/blog\/wp-content\/uploads\/2023\/05\/concierto-3-696x453-1-300x195.jpg 300w\" sizes=\"auto, (max-width: 560px) 100vw, 560px\" \/><\/figure>\n\n\n\n<p class=\"wp-block-paragraph\">La&nbsp;<strong>canci\u00f3n espa\u00f1ola<\/strong>&nbsp;es escuchada por todo el mundo. Tal es su \u00e9xito que no solamente se consume dentro de Espa\u00f1a, sino que en muchas ocasiones sale de nuestras fronteras. Aparte de cruzar el charco y dar el salto a Latinoam\u00e9rica, hay varios artistas que son escuchados por p\u00fablico cuya lengua materna no es el espa\u00f1ol, algo que es sin\u00f3nimo de<strong>&nbsp;fama mundial<\/strong>.<\/p>\n\n\n\n<p class=\"wp-block-paragraph\">Eso se debe, en gran parte, a la gran variedad de estilos musicales que siempre han estado de moda, como el flamenco o el bolero, y que se han&nbsp;<strong>mezclado con g\u00e9neros<\/strong>&nbsp;de masas como el pop, el rock y el trap, el \u00faltimo en llegar. Hay una gran cantidad de artistas que son ejemplo de lo que supone romper fronteras y darse a conocer por todo el mundo.<\/p>\n\n\n\n<p class=\"wp-block-paragraph\"><strong>La nueva generaci\u00f3n de artistas<\/strong><\/p>\n\n\n\n<p class=\"wp-block-paragraph\">Hay un buen grupo de cantantes que hace pocos lustros no estaban en las agendas de los grandes festivales de m\u00fasica y que ahora figuran como cabezas de cartel. Uno de los fen\u00f3menos m\u00e1s in\u00e9ditos es el<\/p>\n","protected":false},"excerpt":{"rendered":"<p>La&nbsp;canci\u00f3n espa\u00f1ola&nbsp;es escuchada por todo el mundo. Tal es su \u00e9xito que no solamente se consume dentro de Espa\u00f1a, sino que en muchas ocasiones sale de nuestras fronteras. Aparte de cruzar el charco y dar el salto a Latinoam\u00e9rica, hay varios artistas que son escuchados por p\u00fablico cuya lengua materna no es el espa\u00f1ol, algo &hellip;<\/p>\n<p class=\"read-more\"> <a class=\"\" href=\"https:\/\/user10.gesem.es\/blog\/2023\/05\/17\/artistas-locales-haciendo-historia\/\"> <span class=\"screen-reader-text\">Artistas locales haciendo hist\u00f3ria<\/span> Leer m\u00e1s &raquo;<\/a><\/p>\n","protected":false},"author":1,"featured_media":0,"comment_status":"open","ping_status":"open","sticky":false,"template":"","format":"standard","meta":{"site-sidebar-layout":"no-sidebar","site-content-layout":"narrow-container","ast-global-header-display":"","ast-banner-title-visibility":"","ast-main-header-display":"","ast-hfb-above-header-display":"","ast-hfb-below-header-display":"","ast-hfb-mobile-header-display":"","site-post-title":"","ast-breadcrumbs-content":"","ast-featured-img":"","footer-sml-layout":"","theme-transparent-header-meta":"","adv-header-id-meta":"","stick-header-meta":"","header-above-stick-meta":"","header-main-stick-meta":"","header-below-stick-meta":"","footnotes":""},"categories":[3],"tags":[],"class_list":["post-112","post","type-post","status-publish","format-standard","hentry","category-noticias"],"_links":{"self":[{"href":"https:\/\/user10.gesem.es\/blog\/wp-json\/wp\/v2\/posts\/112","targetHints":{"allow":["GET"]}}],"collection":[{"href":"https:\/\/user10.gesem.es\/blog\/wp-json\/wp\/v2\/posts"}],"about":[{"href":"https:\/\/user10.gesem.es\/blog\/wp-json\/wp\/v2\/types\/post"}],"author":[{"embeddable":true,"href":"https:\/\/user10.gesem.es\/blog\/wp-json\/wp\/v2\/users\/1"}],"replies":[{"embeddable":true,"href":"https:\/\/user10.gesem.es\/blog\/wp-json\/wp\/v2\/comments?post=112"}],"version-history":[{"count":2,"href":"https:\/\/user10.gesem.es\/blog\/wp-json\/wp\/v2\/posts\/112\/revisions"}],"predecessor-version":[{"id":289,"href":"https:\/\/user10.gesem.es\/blog\/wp-json\/wp\/v2\/posts\/112\/revisions\/289"}],"wp:attachment":[{"href":"https:\/\/user10.gesem.es\/blog\/wp-json\/wp\/v2\/media?parent=112"}],"wp:term":[{"taxonomy":"category","embeddable":true,"href":"https:\/\/user10.gesem.es\/blog\/wp-json\/wp\/v2\/categories?post=112"},{"taxonomy":"post_tag","embeddable":true,"href":"https:\/\/user10.gesem.es\/blog\/wp-json\/wp\/v2\/tags?post=112"}],"curies":[{"name":"wp","href":"https:\/\/api.w.org\/{rel}","templated":true}]}}